{"id":3495,"date":"2019-01-29T18:24:25","date_gmt":"2019-01-29T17:24:25","guid":{"rendered":"https:\/\/www.gabrielsanz.es\/web\/?p=3495"},"modified":"2022-11-01T13:49:52","modified_gmt":"2022-11-01T12:49:52","slug":"tierra-negra-ilustracion","status":"publish","type":"post","link":"https:\/\/www.gabrielsanz.es\/web\/tierra-negra-ilustracion\/","title":{"rendered":"Tierra negra \u2013 Ilustraci\u00f3n 3D"},"content":{"rendered":"<div class=\"wp-block-image\">\n<figure class=\"aligncenter is-resized\"><a href=\"https:\/\/www.gabrielsanz.es\/web\/wp-content\/uploads\/2019\/01\/planeta-tierra-negro.jpg\"><img loading=\"lazy\" decoding=\"async\" src=\"https:\/\/www.gabrielsanz.es\/web\/wp-content\/uploads\/2019\/01\/planeta-tierra-negro-500x500.jpg\" alt=\"Desintegracion de globo terrestre negro\" class=\"wp-image-3462\" width=\"500\" height=\"500\" srcset=\"https:\/\/www.gabrielsanz.es\/web\/wp-content\/uploads\/2019\/01\/planeta-tierra-negro-500x500.jpg 500w, https:\/\/www.gabrielsanz.es\/web\/wp-content\/uploads\/2019\/01\/planeta-tierra-negro-150x150.jpg 150w, https:\/\/www.gabrielsanz.es\/web\/wp-content\/uploads\/2019\/01\/planeta-tierra-negro-200x200.jpg 200w, https:\/\/www.gabrielsanz.es\/web\/wp-content\/uploads\/2019\/01\/planeta-tierra-negro-768x768.jpg 768w, https:\/\/www.gabrielsanz.es\/web\/wp-content\/uploads\/2019\/01\/planeta-tierra-negro.jpg 1000w\" sizes=\"auto, (max-width: 500px) 100vw, 500px\" \/><\/a><\/figure>\n<\/div>\n\n\n<h4 class=\"has-text-align-center wp-block-heading\">Tierra negra<\/h4>\n\n\n\n<p>Sobre la degradaci\u00f3n del planeta y el camino hacia la autodestrucci\u00f3n si no se le pone remedio a tiempo.<\/p>\n\n\n\n<!--nextpage-->\n\n\n<div class=\"wp-block-image\">\n<figure class=\"aligncenter size-large\"><img loading=\"lazy\" decoding=\"async\" width=\"500\" height=\"500\" src=\"https:\/\/www.gabrielsanz.es\/web\/wp-content\/uploads\/2019\/01\/planeta-tierra-negro-500x500.jpg\" alt=\"Desintegracion de globo terrestre negro\" class=\"wp-image-3462\" srcset=\"https:\/\/www.gabrielsanz.es\/web\/wp-content\/uploads\/2019\/01\/planeta-tierra-negro-500x500.jpg 500w, https:\/\/www.gabrielsanz.es\/web\/wp-content\/uploads\/2019\/01\/planeta-tierra-negro-150x150.jpg 150w, https:\/\/www.gabrielsanz.es\/web\/wp-content\/uploads\/2019\/01\/planeta-tierra-negro-200x200.jpg 200w, https:\/\/www.gabrielsanz.es\/web\/wp-content\/uploads\/2019\/01\/planeta-tierra-negro-768x768.jpg 768w, https:\/\/www.gabrielsanz.es\/web\/wp-content\/uploads\/2019\/01\/planeta-tierra-negro.jpg 1000w\" sizes=\"auto, (max-width: 500px) 100vw, 500px\" \/><\/figure>\n<\/div>\n\n\n<p class=\"has-text-align-left\"><br><br>La degradaci\u00f3n del planeta es el proceso por el cual el medio ambiente se deteriora debido a la acci\u00f3n humana. Esto puede ocurrir de varias maneras, como la contaminaci\u00f3n del aire, el agua y el suelo, la destrucci\u00f3n de los ecosistemas, y el cambio clim\u00e1tico. La degradaci\u00f3n del planeta tiene consecuencias graves para la salud humana, la econom\u00eda y el medio ambiente. En primer lugar, la contaminaci\u00f3n del aire puede causar enfermedades respiratorias, alergias e incluso c\u00e1ncer. Tambi\u00e9n puede da\u00f1ar el sistema nervioso, los pulmones y el coraz\u00f3n.<br><br>Hay muchas cosas que podemos hacer para evitar la degradaci\u00f3n del planeta, y no podemos esperar a llegar a un punto de no retorno. Debemos empezar ahora mismo a tomar medidas conjuntas para proteger nuestro planeta y su futuro. <\/p>\n\n\n\n<p class=\"has-text-align-left\">Una de las principales cosas que podemos hacer es reducir nuestro consumo. Debemos ser conscientes de lo que estamos comprando y si realmente necesitamos ese producto. Tambi\u00e9n debemos buscar alternativas sostenibles, como productos ecol\u00f3gicos o reciclados. Podemos reducir nuestro consumo de energ\u00eda, reciclar m\u00e1s y cuidar mejor nuestros recursos naturales. Tambi\u00e9n podemos fomentar el uso de energ\u00edas renovables y desarrollar nuevas tecnolog\u00edas verdes.<\/p>\n","protected":false},"excerpt":{"rendered":"<p>Tierra negra Sobre la degradaci\u00f3n del planeta y el camino hacia la autodestrucci\u00f3n si no se le pone remedio a tiempo.<\/p>\n<div class='heateorSssClear'><\/div><div  class='heateor_sss_sharing_container heateor_sss_horizontal_sharing' data-heateor-sss-href='https:\/\/www.gabrielsanz.es\/web\/tierra-negra-ilustracion\/'><div class='heateor_sss_sharing_title' style=\"font-weight:bold\" >Compartir en<\/div><div class=\"heateor_sss_sharing_ul\"><a aria-label=\"Facebook\" class=\"heateor_sss_facebook\" href=\"https:\/\/www.facebook.com\/sharer\/sharer.php?u=https%3A%2F%2Fwww.gabrielsanz.es%2Fweb%2Ftierra-negra-ilustracion%2F\" title=\"Facebook\" rel=\"nofollow noopener\" target=\"_blank\" style=\"font-size:32px!important;box-shadow:none;display:inline-block;vertical-align:middle\"><span class=\"heateor_sss_svg\" style=\"background-color:#0765FE;width:27px;height:27px;border-radius:999px;display:inline-block;opacity:1;float:left;font-size:32px;box-shadow:none;display:inline-block;font-size:16px;padding:0 4px;vertical-align:middle;background-repeat:repeat;overflow:hidden;padding:0;cursor:pointer;box-sizing:content-box\"><svg style=\"display:block;border-radius:999px;\" focusable=\"false\" aria-hidden=\"true\" xmlns=\"http:\/\/www.w3.org\/2000\/svg\" width=\"100%\" height=\"100%\" viewBox=\"0 0 32 32\"><path fill=\"#fff\" d=\"M28 16c0-6.627-5.373-12-12-12S4 9.373 4 16c0 5.628 3.875 10.35 9.101 11.647v-7.98h-2.474V16H13.1v-1.58c0-4.085 1.849-5.978 5.859-5.978.76 0 2.072.15 2.608.298v3.325c-.283-.03-.775-.045-1.386-.045-1.967 0-2.728.745-2.728 2.683V16h3.92l-.673 3.667h-3.247v8.245C23.395 27.195 28 22.135 28 16Z\"><\/path><\/svg><\/span><\/a><a aria-label=\"Twitter\" class=\"heateor_sss_button_twitter\" href=\"https:\/\/twitter.com\/intent\/tweet?via=gabriel_sanz&text=Tierra%20negra%20%E2%80%93%20Ilustraci%C3%B3n%203D&url=https%3A%2F%2Fwww.gabrielsanz.es%2Fweb%2Ftierra-negra-ilustracion%2F\" title=\"Twitter\" rel=\"nofollow noopener\" target=\"_blank\" style=\"font-size:32px!important;box-shadow:none;display:inline-block;vertical-align:middle\"><span class=\"heateor_sss_svg heateor_sss_s__default heateor_sss_s_twitter\" style=\"background-color:#55acee;width:27px;height:27px;border-radius:999px;display:inline-block;opacity:1;float:left;font-size:32px;box-shadow:none;display:inline-block;font-size:16px;padding:0 4px;vertical-align:middle;background-repeat:repeat;overflow:hidden;padding:0;cursor:pointer;box-sizing:content-box\"><svg style=\"display:block;border-radius:999px;\" focusable=\"false\" aria-hidden=\"true\" xmlns=\"http:\/\/www.w3.org\/2000\/svg\" width=\"100%\" height=\"100%\" viewBox=\"-4 -4 39 39\"><path d=\"M28 8.557a9.913 9.913 0 0 1-2.828.775 4.93 4.93 0 0 0 2.166-2.725 9.738 9.738 0 0 1-3.13 1.194 4.92 4.92 0 0 0-3.593-1.55 4.924 4.924 0 0 0-4.794 6.049c-4.09-.21-7.72-2.17-10.15-5.15a4.942 4.942 0 0 0-.665 2.477c0 1.71.87 3.214 2.19 4.1a4.968 4.968 0 0 1-2.23-.616v.06c0 2.39 1.7 4.38 3.952 4.83-.414.115-.85.174-1.297.174-.318 0-.626-.03-.928-.086a4.935 4.935 0 0 0 4.6 3.42 9.893 9.893 0 0 1-6.114 2.107c-.398 0-.79-.023-1.175-.068a13.953 13.953 0 0 0 7.55 2.213c9.056 0 14.01-7.507 14.01-14.013 0-.213-.005-.426-.015-.637.96-.695 1.795-1.56 2.455-2.55z\" fill=\"#fff\"><\/path><\/svg><\/span><\/a><a aria-label=\"Whatsapp\" class=\"heateor_sss_whatsapp\" href=\"https:\/\/api.whatsapp.com\/send?text=Tierra%20negra%20%E2%80%93%20Ilustraci%C3%B3n%203D%20https%3A%2F%2Fwww.gabrielsanz.es%2Fweb%2Ftierra-negra-ilustracion%2F\" title=\"Whatsapp\" rel=\"nofollow noopener\" target=\"_blank\" style=\"font-size:32px!important;box-shadow:none;display:inline-block;vertical-align:middle\"><span class=\"heateor_sss_svg\" style=\"background-color:#55eb4c;width:27px;height:27px;border-radius:999px;display:inline-block;opacity:1;float:left;font-size:32px;box-shadow:none;display:inline-block;font-size:16px;padding:0 4px;vertical-align:middle;background-repeat:repeat;overflow:hidden;padding:0;cursor:pointer;box-sizing:content-box\"><svg style=\"display:block;border-radius:999px;\" focusable=\"false\" aria-hidden=\"true\" xmlns=\"http:\/\/www.w3.org\/2000\/svg\" width=\"100%\" height=\"100%\" viewBox=\"-6 -5 40 40\"><path class=\"heateor_sss_svg_stroke heateor_sss_no_fill\" stroke=\"#fff\" stroke-width=\"2\" fill=\"none\" d=\"M 11.579798566743314 24.396926207859085 A 10 10 0 1 0 6.808479557110079 20.73576436351046\"><\/path><path d=\"M 7 19 l -1 6 l 6 -1\" class=\"heateor_sss_no_fill heateor_sss_svg_stroke\" stroke=\"#fff\" stroke-width=\"2\" fill=\"none\"><\/path><path d=\"M 10 10 q -1 8 8 11 c 5 -1 0 -6 -1 -3 q -4 -3 -5 -5 c 4 -2 -1 -5 -1 -4\" fill=\"#fff\"><\/path><\/svg><\/span><\/a><a aria-label=\"Pinterest\" class=\"heateor_sss_button_pinterest\" href=\"https:\/\/www.gabrielsanz.es\/web\/tierra-negra-ilustracion\/\" onclick=\"event.preventDefault();javascript:void( (function() {var e=document.createElement('script' );e.setAttribute('type','text\/javascript' );e.setAttribute('charset','UTF-8' );e.setAttribute('src','\/\/assets.pinterest.com\/js\/pinmarklet.js?r='+Math.random()*99999999);document.body.appendChild(e)})());\" title=\"Pinterest\" rel=\"noopener\" style=\"font-size:32px!important;box-shadow:none;display:inline-block;vertical-align:middle\"><span class=\"heateor_sss_svg heateor_sss_s__default heateor_sss_s_pinterest\" style=\"background-color:#cc2329;width:27px;height:27px;border-radius:999px;display:inline-block;opacity:1;float:left;font-size:32px;box-shadow:none;display:inline-block;font-size:16px;padding:0 4px;vertical-align:middle;background-repeat:repeat;overflow:hidden;padding:0;cursor:pointer;box-sizing:content-box\"><svg style=\"display:block;border-radius:999px;\" focusable=\"false\" aria-hidden=\"true\" xmlns=\"http:\/\/www.w3.org\/2000\/svg\" width=\"100%\" height=\"100%\" viewBox=\"-2 -2 35 35\"><path fill=\"#fff\" d=\"M16.539 4.5c-6.277 0-9.442 4.5-9.442 8.253 0 2.272.86 4.293 2.705 5.046.303.125.574.005.662-.33.061-.231.205-.816.27-1.06.088-.331.053-.447-.191-.736-.532-.627-.873-1.439-.873-2.591 0-3.338 2.498-6.327 6.505-6.327 3.548 0 5.497 2.168 5.497 5.062 0 3.81-1.686 7.025-4.188 7.025-1.382 0-2.416-1.142-2.085-2.545.397-1.674 1.166-3.48 1.166-4.689 0-1.081-.581-1.983-1.782-1.983-1.413 0-2.548 1.462-2.548 3.419 0 1.247.421 2.091.421 2.091l-1.699 7.199c-.505 2.137-.076 4.755-.039 5.019.021.158.223.196.314.077.13-.17 1.813-2.247 2.384-4.324.162-.587.929-3.631.929-3.631.46.876 1.801 1.646 3.227 1.646 4.247 0 7.128-3.871 7.128-9.053.003-3.918-3.317-7.568-8.361-7.568z\"\/><\/svg><\/span><\/a><a aria-label=\"Email\" class=\"heateor_sss_email\" href=\"https:\/\/www.gabrielsanz.es\/web\/tierra-negra-ilustracion\/\" onclick=\"event.preventDefault();window.open('mailto:?subject=' + decodeURIComponent('Tierra%20negra%20%E2%80%93%20Ilustraci%C3%B3n%203D').replace('&', '%26') + '&body=https%3A%2F%2Fwww.gabrielsanz.es%2Fweb%2Ftierra-negra-ilustracion%2F', '_blank')\" title=\"Email\" rel=\"noopener\" style=\"font-size:32px!important;box-shadow:none;display:inline-block;vertical-align:middle\"><span class=\"heateor_sss_svg\" style=\"background-color:#649a3f;width:27px;height:27px;border-radius:999px;display:inline-block;opacity:1;float:left;font-size:32px;box-shadow:none;display:inline-block;font-size:16px;padding:0 4px;vertical-align:middle;background-repeat:repeat;overflow:hidden;padding:0;cursor:pointer;box-sizing:content-box\"><svg style=\"display:block;border-radius:999px;\" focusable=\"false\" aria-hidden=\"true\" xmlns=\"http:\/\/www.w3.org\/2000\/svg\" width=\"100%\" height=\"100%\" viewBox=\"-.75 -.5 36 36\"><path d=\"M 5.5 11 h 23 v 1 l -11 6 l -11 -6 v -1 m 0 2 l 11 6 l 11 -6 v 11 h -22 v -11\" stroke-width=\"1\" fill=\"#fff\"><\/path><\/svg><\/span><\/a><\/div><div class=\"heateorSssClear\"><\/div><\/div><div class='heateorSssClear'><\/div>","protected":false},"author":1,"featured_media":3462,"comment_status":"open","ping_status":"open","sticky":false,"template":"","format":"standard","meta":{"footnotes":""},"categories":[54,38,34,10,92,23],"tags":[378,215,376,180,375,402,387,380],"class_list":{"0":"post-3495","1":"post","2":"type-post","3":"status-publish","4":"format-standard","5":"has-post-thumbnail","7":"category-3d","8":"category-bodegones","9":"category-conceptual","10":"category-foto-2","11":"category-ilustracion","12":"category-objetos","13":"tag-3d","14":"tag-arte","15":"tag-bodegon","16":"tag-concepto","17":"tag-conceptual","18":"tag-digital-art","19":"tag-grafico","20":"tag-ilustracion","21":"czr-hentry"},"yoast_head":"<!-- This site is optimized with the Yoast SEO plugin v27.5 - https:\/\/yoast.com\/product\/yoast-seo-wordpress\/ -->\n<title>La tierra negra - Ilustracion 3D por Gabriel Sanz Glitch<\/title>\n<meta name=\"description\" content=\"La tierra negra. Ilustracion 3D por Gabriel Sanz. Sobre la degradaci\u00f3n del planeta y el camino hacia la autodestrucci\u00f3n si no se le pone remedio a tiempo.\" \/>\n<meta name=\"robots\" content=\"index, follow, max-snippet:-1, max-image-preview:large, max-video-preview:-1\" \/>\n<link rel=\"canonical\" href=\"https:\/\/www.gabrielsanz.es\/web\/tierra-negra-ilustracion\/\" \/>\n<link rel=\"next\" href=\"https:\/\/www.gabrielsanz.es\/web\/tierra-negra-ilustracion\/2\/\" \/>\n<meta property=\"og:locale\" content=\"es_ES\" \/>\n<meta property=\"og:type\" content=\"article\" \/>\n<meta property=\"og:title\" content=\"La tierra negra - Ilustracion 3D por Gabriel Sanz Glitch\" \/>\n<meta property=\"og:description\" content=\"La tierra negra. Ilustracion 3D por Gabriel Sanz. Sobre la degradaci\u00f3n del planeta y el camino hacia la autodestrucci\u00f3n si no se le pone remedio a tiempo.\" \/>\n<meta property=\"og:url\" content=\"https:\/\/www.gabrielsanz.es\/web\/tierra-negra-ilustracion\/\" \/>\n<meta property=\"og:site_name\" content=\"Gabriel Sanz Glitch\" \/>\n<meta property=\"article:publisher\" content=\"https:\/\/www.facebook.com\/gabrielsanz.glitch\" \/>\n<meta property=\"article:author\" content=\"https:\/\/www.facebook.com\/gabrielsanz.glitch\" \/>\n<meta property=\"article:published_time\" content=\"2019-01-29T17:24:25+00:00\" \/>\n<meta property=\"article:modified_time\" content=\"2022-11-01T12:49:52+00:00\" \/>\n<meta property=\"og:image\" content=\"https:\/\/www.gabrielsanz.es\/web\/wp-content\/uploads\/2019\/01\/planeta-tierra-negro.jpg\" \/>\n\t<meta property=\"og:image:width\" content=\"1000\" \/>\n\t<meta property=\"og:image:height\" content=\"1000\" \/>\n\t<meta property=\"og:image:type\" content=\"image\/jpeg\" \/>\n<meta name=\"author\" content=\"Gabriel Sanz Glitch\" \/>\n<meta name=\"twitter:card\" content=\"summary_large_image\" \/>\n<meta name=\"twitter:creator\" content=\"@GabrielSanz_Art\" \/>\n<meta name=\"twitter:site\" content=\"@GabrielSanz_Art\" \/>\n<meta name=\"twitter:label1\" content=\"Escrito por\" \/>\n\t<meta name=\"twitter:data1\" content=\"Gabriel Sanz Glitch\" \/>\n\t<meta name=\"twitter:label2\" content=\"Tiempo de lectura\" \/>\n\t<meta name=\"twitter:data2\" content=\"2 minutos\" \/>\n<script type=\"application\/ld+json\" class=\"yoast-schema-graph\">{\"@context\":\"https:\\\/\\\/schema.org\",\"@graph\":[{\"@type\":\"Article\",\"@id\":\"https:\\\/\\\/www.gabrielsanz.es\\\/web\\\/tierra-negra-ilustracion\\\/#article\",\"isPartOf\":{\"@id\":\"https:\\\/\\\/www.gabrielsanz.es\\\/web\\\/tierra-negra-ilustracion\\\/\"},\"author\":{\"name\":\"Gabriel Sanz Glitch\",\"@id\":\"https:\\\/\\\/www.gabrielsanz.es\\\/web\\\/#\\\/schema\\\/person\\\/0a3b27f1958980a66f7d2afb3183dca2\"},\"headline\":\"Tierra negra \u2013 Ilustraci\u00f3n 3D\",\"datePublished\":\"2019-01-29T17:24:25+00:00\",\"dateModified\":\"2022-11-01T12:49:52+00:00\",\"mainEntityOfPage\":{\"@id\":\"https:\\\/\\\/www.gabrielsanz.es\\\/web\\\/tierra-negra-ilustracion\\\/\"},\"wordCount\":238,\"commentCount\":0,\"publisher\":{\"@id\":\"https:\\\/\\\/www.gabrielsanz.es\\\/web\\\/#\\\/schema\\\/person\\\/0a3b27f1958980a66f7d2afb3183dca2\"},\"image\":{\"@id\":\"https:\\\/\\\/www.gabrielsanz.es\\\/web\\\/tierra-negra-ilustracion\\\/#primaryimage\"},\"thumbnailUrl\":\"https:\\\/\\\/www.gabrielsanz.es\\\/web\\\/wp-content\\\/uploads\\\/2019\\\/01\\\/planeta-tierra-negro.jpg\",\"keywords\":[\"3D\",\"arte\",\"bodegon\",\"concepto\",\"conceptual\",\"digital art\",\"grafico\",\"ilustracion\"],\"articleSection\":[\"3D\",\"bodegones\",\"conceptual\",\"Fotografia\",\"ilustracion\",\"objetos\"],\"inLanguage\":\"es\",\"potentialAction\":[{\"@type\":\"CommentAction\",\"name\":\"Comment\",\"target\":[\"https:\\\/\\\/www.gabrielsanz.es\\\/web\\\/tierra-negra-ilustracion\\\/#respond\"]}]},{\"@type\":\"WebPage\",\"@id\":\"https:\\\/\\\/www.gabrielsanz.es\\\/web\\\/tierra-negra-ilustracion\\\/\",\"url\":\"https:\\\/\\\/www.gabrielsanz.es\\\/web\\\/tierra-negra-ilustracion\\\/\",\"name\":\"La tierra negra - Ilustracion 3D por Gabriel Sanz Glitch\",\"isPartOf\":{\"@id\":\"https:\\\/\\\/www.gabrielsanz.es\\\/web\\\/#website\"},\"primaryImageOfPage\":{\"@id\":\"https:\\\/\\\/www.gabrielsanz.es\\\/web\\\/tierra-negra-ilustracion\\\/#primaryimage\"},\"image\":{\"@id\":\"https:\\\/\\\/www.gabrielsanz.es\\\/web\\\/tierra-negra-ilustracion\\\/#primaryimage\"},\"thumbnailUrl\":\"https:\\\/\\\/www.gabrielsanz.es\\\/web\\\/wp-content\\\/uploads\\\/2019\\\/01\\\/planeta-tierra-negro.jpg\",\"datePublished\":\"2019-01-29T17:24:25+00:00\",\"dateModified\":\"2022-11-01T12:49:52+00:00\",\"description\":\"La tierra negra. Ilustracion 3D por Gabriel Sanz. Sobre la degradaci\u00f3n del planeta y el camino hacia la autodestrucci\u00f3n si no se le pone remedio a tiempo.\",\"inLanguage\":\"es\",\"potentialAction\":[{\"@type\":\"ReadAction\",\"target\":[\"https:\\\/\\\/www.gabrielsanz.es\\\/web\\\/tierra-negra-ilustracion\\\/\"]}]},{\"@type\":\"ImageObject\",\"inLanguage\":\"es\",\"@id\":\"https:\\\/\\\/www.gabrielsanz.es\\\/web\\\/tierra-negra-ilustracion\\\/#primaryimage\",\"url\":\"https:\\\/\\\/www.gabrielsanz.es\\\/web\\\/wp-content\\\/uploads\\\/2019\\\/01\\\/planeta-tierra-negro.jpg\",\"contentUrl\":\"https:\\\/\\\/www.gabrielsanz.es\\\/web\\\/wp-content\\\/uploads\\\/2019\\\/01\\\/planeta-tierra-negro.jpg\",\"width\":1000,\"height\":1000,\"caption\":\"Desintegracion de globo terrestre negro\"},{\"@type\":\"WebSite\",\"@id\":\"https:\\\/\\\/www.gabrielsanz.es\\\/web\\\/#website\",\"url\":\"https:\\\/\\\/www.gabrielsanz.es\\\/web\\\/\",\"name\":\"Gabriel Sanz Glitch\",\"description\":\"Artes visuales. Fotograf\u00eda, ilustraci\u00f3n, dise\u00f1o\",\"publisher\":{\"@id\":\"https:\\\/\\\/www.gabrielsanz.es\\\/web\\\/#\\\/schema\\\/person\\\/0a3b27f1958980a66f7d2afb3183dca2\"},\"potentialAction\":[{\"@type\":\"SearchAction\",\"target\":{\"@type\":\"EntryPoint\",\"urlTemplate\":\"https:\\\/\\\/www.gabrielsanz.es\\\/web\\\/?s={search_term_string}\"},\"query-input\":{\"@type\":\"PropertyValueSpecification\",\"valueRequired\":true,\"valueName\":\"search_term_string\"}}],\"inLanguage\":\"es\"},{\"@type\":[\"Person\",\"Organization\"],\"@id\":\"https:\\\/\\\/www.gabrielsanz.es\\\/web\\\/#\\\/schema\\\/person\\\/0a3b27f1958980a66f7d2afb3183dca2\",\"name\":\"Gabriel Sanz Glitch\",\"image\":{\"@type\":\"ImageObject\",\"inLanguage\":\"es\",\"@id\":\"https:\\\/\\\/www.gabrielsanz.es\\\/web\\\/wp-content\\\/uploads\\\/2018\\\/03\\\/Avatar-2x6.jpg\",\"url\":\"https:\\\/\\\/www.gabrielsanz.es\\\/web\\\/wp-content\\\/uploads\\\/2018\\\/03\\\/Avatar-2x6.jpg\",\"contentUrl\":\"https:\\\/\\\/www.gabrielsanz.es\\\/web\\\/wp-content\\\/uploads\\\/2018\\\/03\\\/Avatar-2x6.jpg\",\"width\":960,\"height\":640,\"caption\":\"Gabriel Sanz Glitch\"},\"logo\":{\"@id\":\"https:\\\/\\\/www.gabrielsanz.es\\\/web\\\/wp-content\\\/uploads\\\/2018\\\/03\\\/Avatar-2x6.jpg\"},\"description\":\"Artista visual, Madrid Espa\u00f1a Fotograf\u00eda, ilustraci\u00f3n, dise\u00f1o.\",\"sameAs\":[\"https:\\\/\\\/www.gabrielsanz.es\\\/web\\\/Author\",\"https:\\\/\\\/www.facebook.com\\\/gabrielsanz.glitch\",\"https:\\\/\\\/www.instagram.com\\\/gabrielsanz.glitch\\\/\",\"https:\\\/\\\/www.linkedin.com\\\/in\\\/gabriel-sanz-glitch\",\"https:\\\/\\\/www.pinterest.com\\\/gabrielsanz\",\"https:\\\/\\\/x.com\\\/GabrielSanz_Art\",\"https:\\\/\\\/youtube.com\\\/c\\\/gabrielsanzglitch\",\"https:\\\/\\\/soundcloud.com\\\/gabriel-sanz-66698558\"]}]}<\/script>\n<!-- \/ Yoast SEO plugin. -->","yoast_head_json":{"title":"La tierra negra - Ilustracion 3D por Gabriel Sanz Glitch","description":"La tierra negra. Ilustracion 3D por Gabriel Sanz. Sobre la degradaci\u00f3n del planeta y el camino hacia la autodestrucci\u00f3n si no se le pone remedio a tiempo.","robots":{"index":"index","follow":"follow","max-snippet":"max-snippet:-1","max-image-preview":"max-image-preview:large","max-video-preview":"max-video-preview:-1"},"canonical":"https:\/\/www.gabrielsanz.es\/web\/tierra-negra-ilustracion\/","next":"https:\/\/www.gabrielsanz.es\/web\/tierra-negra-ilustracion\/2\/","og_locale":"es_ES","og_type":"article","og_title":"La tierra negra - Ilustracion 3D por Gabriel Sanz Glitch","og_description":"La tierra negra. Ilustracion 3D por Gabriel Sanz. Sobre la degradaci\u00f3n del planeta y el camino hacia la autodestrucci\u00f3n si no se le pone remedio a tiempo.","og_url":"https:\/\/www.gabrielsanz.es\/web\/tierra-negra-ilustracion\/","og_site_name":"Gabriel Sanz Glitch","article_publisher":"https:\/\/www.facebook.com\/gabrielsanz.glitch","article_author":"https:\/\/www.facebook.com\/gabrielsanz.glitch","article_published_time":"2019-01-29T17:24:25+00:00","article_modified_time":"2022-11-01T12:49:52+00:00","og_image":[{"width":1000,"height":1000,"url":"https:\/\/www.gabrielsanz.es\/web\/wp-content\/uploads\/2019\/01\/planeta-tierra-negro.jpg","type":"image\/jpeg"}],"author":"Gabriel Sanz Glitch","twitter_card":"summary_large_image","twitter_creator":"@GabrielSanz_Art","twitter_site":"@GabrielSanz_Art","twitter_misc":{"Escrito por":"Gabriel Sanz Glitch","Tiempo de lectura":"2 minutos"},"schema":{"@context":"https:\/\/schema.org","@graph":[{"@type":"Article","@id":"https:\/\/www.gabrielsanz.es\/web\/tierra-negra-ilustracion\/#article","isPartOf":{"@id":"https:\/\/www.gabrielsanz.es\/web\/tierra-negra-ilustracion\/"},"author":{"name":"Gabriel Sanz Glitch","@id":"https:\/\/www.gabrielsanz.es\/web\/#\/schema\/person\/0a3b27f1958980a66f7d2afb3183dca2"},"headline":"Tierra negra \u2013 Ilustraci\u00f3n 3D","datePublished":"2019-01-29T17:24:25+00:00","dateModified":"2022-11-01T12:49:52+00:00","mainEntityOfPage":{"@id":"https:\/\/www.gabrielsanz.es\/web\/tierra-negra-ilustracion\/"},"wordCount":238,"commentCount":0,"publisher":{"@id":"https:\/\/www.gabrielsanz.es\/web\/#\/schema\/person\/0a3b27f1958980a66f7d2afb3183dca2"},"image":{"@id":"https:\/\/www.gabrielsanz.es\/web\/tierra-negra-ilustracion\/#primaryimage"},"thumbnailUrl":"https:\/\/www.gabrielsanz.es\/web\/wp-content\/uploads\/2019\/01\/planeta-tierra-negro.jpg","keywords":["3D","arte","bodegon","concepto","conceptual","digital art","grafico","ilustracion"],"articleSection":["3D","bodegones","conceptual","Fotografia","ilustracion","objetos"],"inLanguage":"es","potentialAction":[{"@type":"CommentAction","name":"Comment","target":["https:\/\/www.gabrielsanz.es\/web\/tierra-negra-ilustracion\/#respond"]}]},{"@type":"WebPage","@id":"https:\/\/www.gabrielsanz.es\/web\/tierra-negra-ilustracion\/","url":"https:\/\/www.gabrielsanz.es\/web\/tierra-negra-ilustracion\/","name":"La tierra negra - Ilustracion 3D por Gabriel Sanz Glitch","isPartOf":{"@id":"https:\/\/www.gabrielsanz.es\/web\/#website"},"primaryImageOfPage":{"@id":"https:\/\/www.gabrielsanz.es\/web\/tierra-negra-ilustracion\/#primaryimage"},"image":{"@id":"https:\/\/www.gabrielsanz.es\/web\/tierra-negra-ilustracion\/#primaryimage"},"thumbnailUrl":"https:\/\/www.gabrielsanz.es\/web\/wp-content\/uploads\/2019\/01\/planeta-tierra-negro.jpg","datePublished":"2019-01-29T17:24:25+00:00","dateModified":"2022-11-01T12:49:52+00:00","description":"La tierra negra. Ilustracion 3D por Gabriel Sanz. Sobre la degradaci\u00f3n del planeta y el camino hacia la autodestrucci\u00f3n si no se le pone remedio a tiempo.","inLanguage":"es","potentialAction":[{"@type":"ReadAction","target":["https:\/\/www.gabrielsanz.es\/web\/tierra-negra-ilustracion\/"]}]},{"@type":"ImageObject","inLanguage":"es","@id":"https:\/\/www.gabrielsanz.es\/web\/tierra-negra-ilustracion\/#primaryimage","url":"https:\/\/www.gabrielsanz.es\/web\/wp-content\/uploads\/2019\/01\/planeta-tierra-negro.jpg","contentUrl":"https:\/\/www.gabrielsanz.es\/web\/wp-content\/uploads\/2019\/01\/planeta-tierra-negro.jpg","width":1000,"height":1000,"caption":"Desintegracion de globo terrestre negro"},{"@type":"WebSite","@id":"https:\/\/www.gabrielsanz.es\/web\/#website","url":"https:\/\/www.gabrielsanz.es\/web\/","name":"Gabriel Sanz Glitch","description":"Artes visuales. Fotograf\u00eda, ilustraci\u00f3n, dise\u00f1o","publisher":{"@id":"https:\/\/www.gabrielsanz.es\/web\/#\/schema\/person\/0a3b27f1958980a66f7d2afb3183dca2"},"potentialAction":[{"@type":"SearchAction","target":{"@type":"EntryPoint","urlTemplate":"https:\/\/www.gabrielsanz.es\/web\/?s={search_term_string}"},"query-input":{"@type":"PropertyValueSpecification","valueRequired":true,"valueName":"search_term_string"}}],"inLanguage":"es"},{"@type":["Person","Organization"],"@id":"https:\/\/www.gabrielsanz.es\/web\/#\/schema\/person\/0a3b27f1958980a66f7d2afb3183dca2","name":"Gabriel Sanz Glitch","image":{"@type":"ImageObject","inLanguage":"es","@id":"https:\/\/www.gabrielsanz.es\/web\/wp-content\/uploads\/2018\/03\/Avatar-2x6.jpg","url":"https:\/\/www.gabrielsanz.es\/web\/wp-content\/uploads\/2018\/03\/Avatar-2x6.jpg","contentUrl":"https:\/\/www.gabrielsanz.es\/web\/wp-content\/uploads\/2018\/03\/Avatar-2x6.jpg","width":960,"height":640,"caption":"Gabriel Sanz Glitch"},"logo":{"@id":"https:\/\/www.gabrielsanz.es\/web\/wp-content\/uploads\/2018\/03\/Avatar-2x6.jpg"},"description":"Artista visual, Madrid Espa\u00f1a Fotograf\u00eda, ilustraci\u00f3n, dise\u00f1o.","sameAs":["https:\/\/www.gabrielsanz.es\/web\/Author","https:\/\/www.facebook.com\/gabrielsanz.glitch","https:\/\/www.instagram.com\/gabrielsanz.glitch\/","https:\/\/www.linkedin.com\/in\/gabriel-sanz-glitch","https:\/\/www.pinterest.com\/gabrielsanz","https:\/\/x.com\/GabrielSanz_Art","https:\/\/youtube.com\/c\/gabrielsanzglitch","https:\/\/soundcloud.com\/gabriel-sanz-66698558"]}]}},"_links":{"self":[{"href":"https:\/\/www.gabrielsanz.es\/web\/wp-json\/wp\/v2\/posts\/3495","targetHints":{"allow":["GET"]}}],"collection":[{"href":"https:\/\/www.gabrielsanz.es\/web\/wp-json\/wp\/v2\/posts"}],"about":[{"href":"https:\/\/www.gabrielsanz.es\/web\/wp-json\/wp\/v2\/types\/post"}],"author":[{"embeddable":true,"href":"https:\/\/www.gabrielsanz.es\/web\/wp-json\/wp\/v2\/users\/1"}],"replies":[{"embeddable":true,"href":"https:\/\/www.gabrielsanz.es\/web\/wp-json\/wp\/v2\/comments?post=3495"}],"version-history":[{"count":9,"href":"https:\/\/www.gabrielsanz.es\/web\/wp-json\/wp\/v2\/posts\/3495\/revisions"}],"predecessor-version":[{"id":4528,"href":"https:\/\/www.gabrielsanz.es\/web\/wp-json\/wp\/v2\/posts\/3495\/revisions\/4528"}],"wp:featuredmedia":[{"embeddable":true,"href":"https:\/\/www.gabrielsanz.es\/web\/wp-json\/wp\/v2\/media\/3462"}],"wp:attachment":[{"href":"https:\/\/www.gabrielsanz.es\/web\/wp-json\/wp\/v2\/media?parent=3495"}],"wp:term":[{"taxonomy":"category","embeddable":true,"href":"https:\/\/www.gabrielsanz.es\/web\/wp-json\/wp\/v2\/categories?post=3495"},{"taxonomy":"post_tag","embeddable":true,"href":"https:\/\/www.gabrielsanz.es\/web\/wp-json\/wp\/v2\/tags?post=3495"}],"curies":[{"name":"wp","href":"https:\/\/api.w.org\/{rel}","templated":true}]}}