{"id":4343,"date":"2020-04-17T22:49:44","date_gmt":"2020-04-17T21:49:44","guid":{"rendered":"https:\/\/www.gabrielsanz.es\/web\/?p=4343"},"modified":"2020-04-17T23:01:27","modified_gmt":"2020-04-17T22:01:27","slug":"36-days-of-type-2020","status":"publish","type":"post","link":"https:\/\/www.gabrielsanz.es\/web\/36-days-of-type-2020\/","title":{"rendered":"36 days of type 2020"},"content":{"rendered":"\n<p> <\/p>\n\n\n\n<p>Este a\u00f1o decid\u00ed unirme por primera vez al reto <em>\u00ab36 days of type\u00bb<\/em> s\u00e9ptima edici\u00f3n.<\/p>\n\n\n\n<p>Un proyecto anual y global que, invita a dise\u00f1adores, ilustradores y artistas gr\u00e1ficos, a expresar su interpretaci\u00f3n particular de las letras y n\u00fameros del alfabeto latino. Los participantes tienen el desaf\u00edo de dise\u00f1ar una letra o n\u00famero cada d\u00eda durante 36 d\u00edas consecutivos y seg\u00fan el calendario establecido por la organizaci\u00f3n.<\/p>\n\n\n\n<p> El proyecto se ha podido seguir principalmente por Instagram que es donde se organiza. Os animo a curiosear por la etiqueta <a href=\"https:\/\/www.facebook.com\/hashtag\/36dayoftype07?__cft__[0]=AZXXL7FrskLZ_OAESlxjnYAP8phdShOvXqhoIpf7TOBmiwNR0okYtMIeu_qlL60auuNxNSy9grO2cNl21uguOZfGVI3iAqszzhgfRpFaLCx54lpDpX50P4BkFkHGX7FzHg-6u_sG3HOdvp5bqoMmSArCyFUTV9zWAKpdeHeS5tTlsdikUbl73iHwbZq3eyWDKc4&amp;__tn__=*NK-R\">#36dayoftype07<\/a> para ver miles de interpretaciones distintas que se pueden hacer a partir de un elemento \u00fanico.<\/p>\n\n\n\n<p>Aqu\u00ed dejo resumido en un video lo que ha sido mi aportaci\u00f3n al proyecto. Si quer\u00e9is ver las im\u00e1genes de manera individual, se puede hacer desde mi espacio en <a rel=\"noreferrer noopener\" href=\"https:\/\/www.instagram.com\/gabrielsanz.glitch\/\" target=\"_blank\">Instagram<\/a> .<\/p>\n\n\n\n<figure class=\"wp-block-embed-youtube wp-block-embed is-type-video is-provider-youtube wp-embed-aspect-16-9 wp-has-aspect-ratio\"><div class=\"wp-block-embed__wrapper\">\n<iframe loading=\"lazy\" title=\"36 Days of type - 2020\" width=\"1170\" height=\"658\" src=\"https:\/\/www.youtube.com\/embed\/43NaMz36KKM?feature=oembed\" frameborder=\"0\" allow=\"accelerometer; autoplay; encrypted-media; gyroscope; picture-in-picture\" allowfullscreen><\/iframe>\n<\/div><\/figure>\n\n\n\n<p>Aunque no es mi primer<a href=\"https:\/\/www.gabrielsanz.es\/web\/fotografia-movil\/\"> proyecto<\/a> del tipo \u00abuna imagen al d\u00eda\u00bb si que es el primero usando im\u00e1genes 3D.  Como ya tenia experiencia empece con algo de trabajo avanzado. El dedicar todos los d\u00edas alg\u00fan tiempo al proyecto y mantener la regularidad es uno de los atractivos de este tipo de retos. Es por eso que m\u00e1s o menos uno se prepara para poder cumplir a pesar de los imprevistos que llegar\u00e1n seguro.<\/p>\n\n\n\n<div class=\"wp-block-image\"><figure class=\"aligncenter size-large\"><img loading=\"lazy\" decoding=\"async\" width=\"500\" height=\"461\" src=\"https:\/\/www.gabrielsanz.es\/web\/wp-content\/uploads\/2020\/04\/calendar-07-web-UPDATED-500x461.jpg\" alt=\"\" class=\"wp-image-4347\" srcset=\"https:\/\/www.gabrielsanz.es\/web\/wp-content\/uploads\/2020\/04\/calendar-07-web-UPDATED-500x461.jpg 500w, https:\/\/www.gabrielsanz.es\/web\/wp-content\/uploads\/2020\/04\/calendar-07-web-UPDATED-200x184.jpg 200w, https:\/\/www.gabrielsanz.es\/web\/wp-content\/uploads\/2020\/04\/calendar-07-web-UPDATED-150x138.jpg 150w, https:\/\/www.gabrielsanz.es\/web\/wp-content\/uploads\/2020\/04\/calendar-07-web-UPDATED-270x250.jpg 270w, https:\/\/www.gabrielsanz.es\/web\/wp-content\/uploads\/2020\/04\/calendar-07-web-UPDATED.jpg 626w\" sizes=\"auto, (max-width: 500px) 100vw, 500px\" \/><\/figure><\/div>\n\n\n\n<p>Fu\u00e9 apenas una hora antes de subir la primera imagen, que cambie radicalmente la idea que ya tenia sobre texturas y composici\u00f3n. Rehice la primera imagen para subirla y ya me encargar\u00eda de las que tenia avanzadas.<\/p>\n\n\n\n<p><br>Para sorpresa de los participantes, al d\u00eda siguiente Instagram hab\u00eda bloqueado la cuenta del evento.  No se entend\u00eda que algo que se venia haciendo durante 7 a\u00f1os a nivel global y con tanta aceptaci\u00f3n se parase. Finalmente parece que fue el gran n\u00famero de interacciones sobre una cuenta que apenas tiene actividad el resto del a\u00f1o, el que hizo saltar el algoritmo y bloquear. Aun as\u00ed estuvo parado algunos d\u00edas hasta que lo solucionaron. <\/p>\n\n\n\n<p>De ah\u00ed el hueco en el calendario que a m\u00ed personalmente no me vino nada mal ese respiro para poner al d\u00eda los cambios de \u00faltima hora.<br><\/p>\n","protected":false},"excerpt":{"rendered":"<p>Este a\u00f1o decid\u00ed unirme por primera vez al reto \u00ab36 days of type\u00bb s\u00e9ptima edici\u00f3n. Un proyecto anual y global que, invita a dise\u00f1adores, ilustradores y artistas gr\u00e1ficos, a expresar su interpretaci\u00f3n particular de las letras y n\u00fameros del alfabeto latino. Los participantes tienen el desaf\u00edo de dise\u00f1ar una letra o n\u00famero cada d\u00eda durante [&hellip;]<\/p>\n<div class='heateorSssClear'><\/div><div  class='heateor_sss_sharing_container heateor_sss_horizontal_sharing' data-heateor-sss-href='https:\/\/www.gabrielsanz.es\/web\/36-days-of-type-2020\/'><div class='heateor_sss_sharing_title' style=\"font-weight:bold\" >Compartir en<\/div><div class=\"heateor_sss_sharing_ul\"><a aria-label=\"Facebook\" class=\"heateor_sss_facebook\" href=\"https:\/\/www.facebook.com\/sharer\/sharer.php?u=https%3A%2F%2Fwww.gabrielsanz.es%2Fweb%2F36-days-of-type-2020%2F\" title=\"Facebook\" rel=\"nofollow noopener\" target=\"_blank\" style=\"font-size:32px!important;box-shadow:none;display:inline-block;vertical-align:middle\"><span class=\"heateor_sss_svg\" style=\"background-color:#0765FE;width:27px;height:27px;border-radius:999px;display:inline-block;opacity:1;float:left;font-size:32px;box-shadow:none;display:inline-block;font-size:16px;padding:0 4px;vertical-align:middle;background-repeat:repeat;overflow:hidden;padding:0;cursor:pointer;box-sizing:content-box\"><svg style=\"display:block;border-radius:999px;\" focusable=\"false\" aria-hidden=\"true\" xmlns=\"http:\/\/www.w3.org\/2000\/svg\" width=\"100%\" height=\"100%\" viewBox=\"0 0 32 32\"><path fill=\"#fff\" d=\"M28 16c0-6.627-5.373-12-12-12S4 9.373 4 16c0 5.628 3.875 10.35 9.101 11.647v-7.98h-2.474V16H13.1v-1.58c0-4.085 1.849-5.978 5.859-5.978.76 0 2.072.15 2.608.298v3.325c-.283-.03-.775-.045-1.386-.045-1.967 0-2.728.745-2.728 2.683V16h3.92l-.673 3.667h-3.247v8.245C23.395 27.195 28 22.135 28 16Z\"><\/path><\/svg><\/span><\/a><a aria-label=\"Twitter\" class=\"heateor_sss_button_twitter\" href=\"https:\/\/twitter.com\/intent\/tweet?via=gabriel_sanz&text=36%20days%20of%20type%202020&url=https%3A%2F%2Fwww.gabrielsanz.es%2Fweb%2F36-days-of-type-2020%2F\" title=\"Twitter\" rel=\"nofollow noopener\" target=\"_blank\" style=\"font-size:32px!important;box-shadow:none;display:inline-block;vertical-align:middle\"><span class=\"heateor_sss_svg heateor_sss_s__default heateor_sss_s_twitter\" style=\"background-color:#55acee;width:27px;height:27px;border-radius:999px;display:inline-block;opacity:1;float:left;font-size:32px;box-shadow:none;display:inline-block;font-size:16px;padding:0 4px;vertical-align:middle;background-repeat:repeat;overflow:hidden;padding:0;cursor:pointer;box-sizing:content-box\"><svg style=\"display:block;border-radius:999px;\" focusable=\"false\" aria-hidden=\"true\" xmlns=\"http:\/\/www.w3.org\/2000\/svg\" width=\"100%\" height=\"100%\" viewBox=\"-4 -4 39 39\"><path d=\"M28 8.557a9.913 9.913 0 0 1-2.828.775 4.93 4.93 0 0 0 2.166-2.725 9.738 9.738 0 0 1-3.13 1.194 4.92 4.92 0 0 0-3.593-1.55 4.924 4.924 0 0 0-4.794 6.049c-4.09-.21-7.72-2.17-10.15-5.15a4.942 4.942 0 0 0-.665 2.477c0 1.71.87 3.214 2.19 4.1a4.968 4.968 0 0 1-2.23-.616v.06c0 2.39 1.7 4.38 3.952 4.83-.414.115-.85.174-1.297.174-.318 0-.626-.03-.928-.086a4.935 4.935 0 0 0 4.6 3.42 9.893 9.893 0 0 1-6.114 2.107c-.398 0-.79-.023-1.175-.068a13.953 13.953 0 0 0 7.55 2.213c9.056 0 14.01-7.507 14.01-14.013 0-.213-.005-.426-.015-.637.96-.695 1.795-1.56 2.455-2.55z\" fill=\"#fff\"><\/path><\/svg><\/span><\/a><a aria-label=\"Whatsapp\" class=\"heateor_sss_whatsapp\" href=\"https:\/\/api.whatsapp.com\/send?text=36%20days%20of%20type%202020%20https%3A%2F%2Fwww.gabrielsanz.es%2Fweb%2F36-days-of-type-2020%2F\" title=\"Whatsapp\" rel=\"nofollow noopener\" target=\"_blank\" style=\"font-size:32px!important;box-shadow:none;display:inline-block;vertical-align:middle\"><span class=\"heateor_sss_svg\" style=\"background-color:#55eb4c;width:27px;height:27px;border-radius:999px;display:inline-block;opacity:1;float:left;font-size:32px;box-shadow:none;display:inline-block;font-size:16px;padding:0 4px;vertical-align:middle;background-repeat:repeat;overflow:hidden;padding:0;cursor:pointer;box-sizing:content-box\"><svg style=\"display:block;border-radius:999px;\" focusable=\"false\" aria-hidden=\"true\" xmlns=\"http:\/\/www.w3.org\/2000\/svg\" width=\"100%\" height=\"100%\" viewBox=\"-6 -5 40 40\"><path class=\"heateor_sss_svg_stroke heateor_sss_no_fill\" stroke=\"#fff\" stroke-width=\"2\" fill=\"none\" d=\"M 11.579798566743314 24.396926207859085 A 10 10 0 1 0 6.808479557110079 20.73576436351046\"><\/path><path d=\"M 7 19 l -1 6 l 6 -1\" class=\"heateor_sss_no_fill heateor_sss_svg_stroke\" stroke=\"#fff\" stroke-width=\"2\" fill=\"none\"><\/path><path d=\"M 10 10 q -1 8 8 11 c 5 -1 0 -6 -1 -3 q -4 -3 -5 -5 c 4 -2 -1 -5 -1 -4\" fill=\"#fff\"><\/path><\/svg><\/span><\/a><a aria-label=\"Pinterest\" class=\"heateor_sss_button_pinterest\" href=\"https:\/\/www.gabrielsanz.es\/web\/36-days-of-type-2020\/\" onclick=\"event.preventDefault();javascript:void( (function() {var e=document.createElement('script' );e.setAttribute('type','text\/javascript' );e.setAttribute('charset','UTF-8' );e.setAttribute('src','\/\/assets.pinterest.com\/js\/pinmarklet.js?r='+Math.random()*99999999);document.body.appendChild(e)})());\" title=\"Pinterest\" rel=\"noopener\" style=\"font-size:32px!important;box-shadow:none;display:inline-block;vertical-align:middle\"><span class=\"heateor_sss_svg heateor_sss_s__default heateor_sss_s_pinterest\" style=\"background-color:#cc2329;width:27px;height:27px;border-radius:999px;display:inline-block;opacity:1;float:left;font-size:32px;box-shadow:none;display:inline-block;font-size:16px;padding:0 4px;vertical-align:middle;background-repeat:repeat;overflow:hidden;padding:0;cursor:pointer;box-sizing:content-box\"><svg style=\"display:block;border-radius:999px;\" focusable=\"false\" aria-hidden=\"true\" xmlns=\"http:\/\/www.w3.org\/2000\/svg\" width=\"100%\" height=\"100%\" viewBox=\"-2 -2 35 35\"><path fill=\"#fff\" d=\"M16.539 4.5c-6.277 0-9.442 4.5-9.442 8.253 0 2.272.86 4.293 2.705 5.046.303.125.574.005.662-.33.061-.231.205-.816.27-1.06.088-.331.053-.447-.191-.736-.532-.627-.873-1.439-.873-2.591 0-3.338 2.498-6.327 6.505-6.327 3.548 0 5.497 2.168 5.497 5.062 0 3.81-1.686 7.025-4.188 7.025-1.382 0-2.416-1.142-2.085-2.545.397-1.674 1.166-3.48 1.166-4.689 0-1.081-.581-1.983-1.782-1.983-1.413 0-2.548 1.462-2.548 3.419 0 1.247.421 2.091.421 2.091l-1.699 7.199c-.505 2.137-.076 4.755-.039 5.019.021.158.223.196.314.077.13-.17 1.813-2.247 2.384-4.324.162-.587.929-3.631.929-3.631.46.876 1.801 1.646 3.227 1.646 4.247 0 7.128-3.871 7.128-9.053.003-3.918-3.317-7.568-8.361-7.568z\"\/><\/svg><\/span><\/a><a aria-label=\"Email\" class=\"heateor_sss_email\" href=\"https:\/\/www.gabrielsanz.es\/web\/36-days-of-type-2020\/\" onclick=\"event.preventDefault();window.open('mailto:?subject=' + decodeURIComponent('36%20days%20of%20type%202020').replace('&', '%26') + '&body=https%3A%2F%2Fwww.gabrielsanz.es%2Fweb%2F36-days-of-type-2020%2F', '_blank')\" title=\"Email\" rel=\"noopener\" style=\"font-size:32px!important;box-shadow:none;display:inline-block;vertical-align:middle\"><span class=\"heateor_sss_svg\" style=\"background-color:#649a3f;width:27px;height:27px;border-radius:999px;display:inline-block;opacity:1;float:left;font-size:32px;box-shadow:none;display:inline-block;font-size:16px;padding:0 4px;vertical-align:middle;background-repeat:repeat;overflow:hidden;padding:0;cursor:pointer;box-sizing:content-box\"><svg style=\"display:block;border-radius:999px;\" focusable=\"false\" aria-hidden=\"true\" xmlns=\"http:\/\/www.w3.org\/2000\/svg\" width=\"100%\" height=\"100%\" viewBox=\"-.75 -.5 36 36\"><path d=\"M 5.5 11 h 23 v 1 l -11 6 l -11 -6 v -1 m 0 2 l 11 6 l 11 -6 v 11 h -22 v -11\" stroke-width=\"1\" fill=\"#fff\"><\/path><\/svg><\/span><\/a><\/div><div class=\"heateorSssClear\"><\/div><\/div><div class='heateorSssClear'><\/div>","protected":false},"author":2,"featured_media":4344,"comment_status":"open","ping_status":"open","sticky":false,"template":"","format":"standard","meta":{"footnotes":""},"categories":[54,429,230,162,92],"tags":[378,215,402,81,381],"class_list":{"0":"post-4343","1":"post","2":"type-post","3":"status-publish","4":"format-standard","5":"has-post-thumbnail","7":"category-3d","8":"category-diseno","9":"category-experimental","10":"category-ideas","11":"category-ilustracion","12":"tag-3d","13":"tag-arte","14":"tag-digital-art","15":"tag-diseno","16":"tag-ideas","17":"czr-hentry"},"yoast_head":"<!-- This site is optimized with the Yoast SEO plugin v27.5 - https:\/\/yoast.com\/product\/yoast-seo-wordpress\/ -->\n<title>Mi primera vez en el 36 days of type 2020 | Gabriel Sanz Glitch<\/title>\n<meta name=\"description\" content=\"Este a\u00f1o 2020. decid\u00ed unirme por primera vez al reto &quot;36 days of type&quot; Un proyecto anual y global que ya cumple su s\u00e9ptima edici\u00f3n\" \/>\n<meta name=\"robots\" content=\"index, follow, max-snippet:-1, max-image-preview:large, max-video-preview:-1\" \/>\n<link rel=\"canonical\" href=\"https:\/\/www.gabrielsanz.es\/web\/36-days-of-type-2020\/\" \/>\n<meta property=\"og:locale\" content=\"es_ES\" \/>\n<meta property=\"og:type\" content=\"article\" \/>\n<meta property=\"og:title\" content=\"Mi primera vez en el 36 days of type 2020 | Gabriel Sanz Glitch\" \/>\n<meta property=\"og:description\" content=\"Este a\u00f1o 2020. decid\u00ed unirme por primera vez al reto &quot;36 days of type&quot; Un proyecto anual y global que ya cumple su s\u00e9ptima edici\u00f3n\" \/>\n<meta property=\"og:url\" content=\"https:\/\/www.gabrielsanz.es\/web\/36-days-of-type-2020\/\" \/>\n<meta property=\"og:site_name\" content=\"Gabriel Sanz Glitch\" \/>\n<meta property=\"article:publisher\" content=\"https:\/\/www.facebook.com\/gabrielsanz.glitch\" \/>\n<meta property=\"article:published_time\" content=\"2020-04-17T21:49:44+00:00\" \/>\n<meta property=\"article:modified_time\" content=\"2020-04-17T22:01:27+00:00\" \/>\n<meta property=\"og:image\" content=\"https:\/\/www.gabrielsanz.es\/web\/wp-content\/uploads\/2020\/04\/miniatura.jpg\" \/>\n\t<meta property=\"og:image:width\" content=\"1280\" \/>\n\t<meta property=\"og:image:height\" content=\"720\" \/>\n\t<meta property=\"og:image:type\" content=\"image\/jpeg\" \/>\n<meta name=\"author\" content=\"Gabriel sanz\" \/>\n<meta name=\"twitter:card\" content=\"summary_large_image\" \/>\n<meta name=\"twitter:creator\" content=\"@gabriel_sanz\" \/>\n<meta name=\"twitter:site\" content=\"@GabrielSanz_Art\" \/>\n<meta name=\"twitter:label1\" content=\"Escrito por\" \/>\n\t<meta name=\"twitter:data1\" content=\"Gabriel sanz\" \/>\n\t<meta name=\"twitter:label2\" content=\"Tiempo de lectura\" \/>\n\t<meta name=\"twitter:data2\" content=\"2 minutos\" \/>\n<script type=\"application\/ld+json\" class=\"yoast-schema-graph\">{\"@context\":\"https:\\\/\\\/schema.org\",\"@graph\":[{\"@type\":\"Article\",\"@id\":\"https:\\\/\\\/www.gabrielsanz.es\\\/web\\\/36-days-of-type-2020\\\/#article\",\"isPartOf\":{\"@id\":\"https:\\\/\\\/www.gabrielsanz.es\\\/web\\\/36-days-of-type-2020\\\/\"},\"author\":{\"name\":\"Gabriel sanz\",\"@id\":\"https:\\\/\\\/www.gabrielsanz.es\\\/web\\\/#\\\/schema\\\/person\\\/839d54b4c1e0c6b513695e02f635681d\"},\"headline\":\"36 days of type 2020\",\"datePublished\":\"2020-04-17T21:49:44+00:00\",\"dateModified\":\"2020-04-17T22:01:27+00:00\",\"mainEntityOfPage\":{\"@id\":\"https:\\\/\\\/www.gabrielsanz.es\\\/web\\\/36-days-of-type-2020\\\/\"},\"wordCount\":385,\"commentCount\":0,\"publisher\":{\"@id\":\"https:\\\/\\\/www.gabrielsanz.es\\\/web\\\/#\\\/schema\\\/person\\\/0a3b27f1958980a66f7d2afb3183dca2\"},\"image\":{\"@id\":\"https:\\\/\\\/www.gabrielsanz.es\\\/web\\\/36-days-of-type-2020\\\/#primaryimage\"},\"thumbnailUrl\":\"https:\\\/\\\/www.gabrielsanz.es\\\/web\\\/wp-content\\\/uploads\\\/2020\\\/04\\\/miniatura.jpg\",\"keywords\":[\"3D\",\"arte\",\"digital art\",\"dise\u00f1o\",\"ideas\"],\"articleSection\":[\"3D\",\"Dise\u00f1o\",\"experimental\",\"ideas\",\"ilustracion\"],\"inLanguage\":\"es\",\"potentialAction\":[{\"@type\":\"CommentAction\",\"name\":\"Comment\",\"target\":[\"https:\\\/\\\/www.gabrielsanz.es\\\/web\\\/36-days-of-type-2020\\\/#respond\"]}]},{\"@type\":\"WebPage\",\"@id\":\"https:\\\/\\\/www.gabrielsanz.es\\\/web\\\/36-days-of-type-2020\\\/\",\"url\":\"https:\\\/\\\/www.gabrielsanz.es\\\/web\\\/36-days-of-type-2020\\\/\",\"name\":\"Mi primera vez en el 36 days of type 2020 | Gabriel Sanz Glitch\",\"isPartOf\":{\"@id\":\"https:\\\/\\\/www.gabrielsanz.es\\\/web\\\/#website\"},\"primaryImageOfPage\":{\"@id\":\"https:\\\/\\\/www.gabrielsanz.es\\\/web\\\/36-days-of-type-2020\\\/#primaryimage\"},\"image\":{\"@id\":\"https:\\\/\\\/www.gabrielsanz.es\\\/web\\\/36-days-of-type-2020\\\/#primaryimage\"},\"thumbnailUrl\":\"https:\\\/\\\/www.gabrielsanz.es\\\/web\\\/wp-content\\\/uploads\\\/2020\\\/04\\\/miniatura.jpg\",\"datePublished\":\"2020-04-17T21:49:44+00:00\",\"dateModified\":\"2020-04-17T22:01:27+00:00\",\"description\":\"Este a\u00f1o 2020. decid\u00ed unirme por primera vez al reto \\\"36 days of type\\\" Un proyecto anual y global que ya cumple su s\u00e9ptima edici\u00f3n\",\"breadcrumb\":{\"@id\":\"https:\\\/\\\/www.gabrielsanz.es\\\/web\\\/36-days-of-type-2020\\\/#breadcrumb\"},\"inLanguage\":\"es\",\"potentialAction\":[{\"@type\":\"ReadAction\",\"target\":[\"https:\\\/\\\/www.gabrielsanz.es\\\/web\\\/36-days-of-type-2020\\\/\"]}]},{\"@type\":\"ImageObject\",\"inLanguage\":\"es\",\"@id\":\"https:\\\/\\\/www.gabrielsanz.es\\\/web\\\/36-days-of-type-2020\\\/#primaryimage\",\"url\":\"https:\\\/\\\/www.gabrielsanz.es\\\/web\\\/wp-content\\\/uploads\\\/2020\\\/04\\\/miniatura.jpg\",\"contentUrl\":\"https:\\\/\\\/www.gabrielsanz.es\\\/web\\\/wp-content\\\/uploads\\\/2020\\\/04\\\/miniatura.jpg\",\"width\":1280,\"height\":720,\"caption\":\"36 days of type edicion 2020\"},{\"@type\":\"BreadcrumbList\",\"@id\":\"https:\\\/\\\/www.gabrielsanz.es\\\/web\\\/36-days-of-type-2020\\\/#breadcrumb\",\"itemListElement\":[{\"@type\":\"ListItem\",\"position\":1,\"name\":\"Portada\",\"item\":\"https:\\\/\\\/www.gabrielsanz.es\\\/web\\\/\"},{\"@type\":\"ListItem\",\"position\":2,\"name\":\"36 days of type 2020\"}]},{\"@type\":\"WebSite\",\"@id\":\"https:\\\/\\\/www.gabrielsanz.es\\\/web\\\/#website\",\"url\":\"https:\\\/\\\/www.gabrielsanz.es\\\/web\\\/\",\"name\":\"Gabriel Sanz Glitch\",\"description\":\"Artes visuales. Fotograf\u00eda, ilustraci\u00f3n, dise\u00f1o\",\"publisher\":{\"@id\":\"https:\\\/\\\/www.gabrielsanz.es\\\/web\\\/#\\\/schema\\\/person\\\/0a3b27f1958980a66f7d2afb3183dca2\"},\"potentialAction\":[{\"@type\":\"SearchAction\",\"target\":{\"@type\":\"EntryPoint\",\"urlTemplate\":\"https:\\\/\\\/www.gabrielsanz.es\\\/web\\\/?s={search_term_string}\"},\"query-input\":{\"@type\":\"PropertyValueSpecification\",\"valueRequired\":true,\"valueName\":\"search_term_string\"}}],\"inLanguage\":\"es\"},{\"@type\":[\"Person\",\"Organization\"],\"@id\":\"https:\\\/\\\/www.gabrielsanz.es\\\/web\\\/#\\\/schema\\\/person\\\/0a3b27f1958980a66f7d2afb3183dca2\",\"name\":\"Gabriel Sanz Glitch\",\"image\":{\"@type\":\"ImageObject\",\"inLanguage\":\"es\",\"@id\":\"https:\\\/\\\/www.gabrielsanz.es\\\/web\\\/wp-content\\\/uploads\\\/2018\\\/03\\\/Avatar-2x6.jpg\",\"url\":\"https:\\\/\\\/www.gabrielsanz.es\\\/web\\\/wp-content\\\/uploads\\\/2018\\\/03\\\/Avatar-2x6.jpg\",\"contentUrl\":\"https:\\\/\\\/www.gabrielsanz.es\\\/web\\\/wp-content\\\/uploads\\\/2018\\\/03\\\/Avatar-2x6.jpg\",\"width\":960,\"height\":640,\"caption\":\"Gabriel Sanz Glitch\"},\"logo\":{\"@id\":\"https:\\\/\\\/www.gabrielsanz.es\\\/web\\\/wp-content\\\/uploads\\\/2018\\\/03\\\/Avatar-2x6.jpg\"},\"description\":\"Artista visual, Madrid Espa\u00f1a Fotograf\u00eda, ilustraci\u00f3n, dise\u00f1o.\",\"sameAs\":[\"https:\\\/\\\/www.gabrielsanz.es\\\/web\\\/Author\",\"https:\\\/\\\/www.facebook.com\\\/gabrielsanz.glitch\",\"https:\\\/\\\/www.instagram.com\\\/gabrielsanz.glitch\\\/\",\"https:\\\/\\\/www.linkedin.com\\\/in\\\/gabriel-sanz-glitch\",\"https:\\\/\\\/www.pinterest.com\\\/gabrielsanz\",\"https:\\\/\\\/x.com\\\/GabrielSanz_Art\",\"https:\\\/\\\/youtube.com\\\/c\\\/gabrielsanzglitch\",\"https:\\\/\\\/soundcloud.com\\\/gabriel-sanz-66698558\"]},{\"@type\":\"Person\",\"@id\":\"https:\\\/\\\/www.gabrielsanz.es\\\/web\\\/#\\\/schema\\\/person\\\/839d54b4c1e0c6b513695e02f635681d\",\"name\":\"Gabriel sanz\",\"image\":{\"@type\":\"ImageObject\",\"inLanguage\":\"es\",\"@id\":\"https:\\\/\\\/secure.gravatar.com\\\/avatar\\\/63a7b2ded6b99e71106cb8fb7d007eb54d7772ae1bd9d076127bb256d767377c?s=96&d=identicon&r=g\",\"url\":\"https:\\\/\\\/secure.gravatar.com\\\/avatar\\\/63a7b2ded6b99e71106cb8fb7d007eb54d7772ae1bd9d076127bb256d767377c?s=96&d=identicon&r=g\",\"contentUrl\":\"https:\\\/\\\/secure.gravatar.com\\\/avatar\\\/63a7b2ded6b99e71106cb8fb7d007eb54d7772ae1bd9d076127bb256d767377c?s=96&d=identicon&r=g\",\"caption\":\"Gabriel sanz\"},\"sameAs\":[\"http:\\\/\\\/www.gabrielsanz.es\\\/web\\\/Author\"]}]}<\/script>\n<!-- \/ Yoast SEO plugin. -->","yoast_head_json":{"title":"Mi primera vez en el 36 days of type 2020 | Gabriel Sanz Glitch","description":"Este a\u00f1o 2020. decid\u00ed unirme por primera vez al reto \"36 days of type\" Un proyecto anual y global que ya cumple su s\u00e9ptima edici\u00f3n","robots":{"index":"index","follow":"follow","max-snippet":"max-snippet:-1","max-image-preview":"max-image-preview:large","max-video-preview":"max-video-preview:-1"},"canonical":"https:\/\/www.gabrielsanz.es\/web\/36-days-of-type-2020\/","og_locale":"es_ES","og_type":"article","og_title":"Mi primera vez en el 36 days of type 2020 | Gabriel Sanz Glitch","og_description":"Este a\u00f1o 2020. decid\u00ed unirme por primera vez al reto \"36 days of type\" Un proyecto anual y global que ya cumple su s\u00e9ptima edici\u00f3n","og_url":"https:\/\/www.gabrielsanz.es\/web\/36-days-of-type-2020\/","og_site_name":"Gabriel Sanz Glitch","article_publisher":"https:\/\/www.facebook.com\/gabrielsanz.glitch","article_published_time":"2020-04-17T21:49:44+00:00","article_modified_time":"2020-04-17T22:01:27+00:00","og_image":[{"width":1280,"height":720,"url":"https:\/\/www.gabrielsanz.es\/web\/wp-content\/uploads\/2020\/04\/miniatura.jpg","type":"image\/jpeg"}],"author":"Gabriel sanz","twitter_card":"summary_large_image","twitter_creator":"@gabriel_sanz","twitter_site":"@GabrielSanz_Art","twitter_misc":{"Escrito por":"Gabriel sanz","Tiempo de lectura":"2 minutos"},"schema":{"@context":"https:\/\/schema.org","@graph":[{"@type":"Article","@id":"https:\/\/www.gabrielsanz.es\/web\/36-days-of-type-2020\/#article","isPartOf":{"@id":"https:\/\/www.gabrielsanz.es\/web\/36-days-of-type-2020\/"},"author":{"name":"Gabriel sanz","@id":"https:\/\/www.gabrielsanz.es\/web\/#\/schema\/person\/839d54b4c1e0c6b513695e02f635681d"},"headline":"36 days of type 2020","datePublished":"2020-04-17T21:49:44+00:00","dateModified":"2020-04-17T22:01:27+00:00","mainEntityOfPage":{"@id":"https:\/\/www.gabrielsanz.es\/web\/36-days-of-type-2020\/"},"wordCount":385,"commentCount":0,"publisher":{"@id":"https:\/\/www.gabrielsanz.es\/web\/#\/schema\/person\/0a3b27f1958980a66f7d2afb3183dca2"},"image":{"@id":"https:\/\/www.gabrielsanz.es\/web\/36-days-of-type-2020\/#primaryimage"},"thumbnailUrl":"https:\/\/www.gabrielsanz.es\/web\/wp-content\/uploads\/2020\/04\/miniatura.jpg","keywords":["3D","arte","digital art","dise\u00f1o","ideas"],"articleSection":["3D","Dise\u00f1o","experimental","ideas","ilustracion"],"inLanguage":"es","potentialAction":[{"@type":"CommentAction","name":"Comment","target":["https:\/\/www.gabrielsanz.es\/web\/36-days-of-type-2020\/#respond"]}]},{"@type":"WebPage","@id":"https:\/\/www.gabrielsanz.es\/web\/36-days-of-type-2020\/","url":"https:\/\/www.gabrielsanz.es\/web\/36-days-of-type-2020\/","name":"Mi primera vez en el 36 days of type 2020 | Gabriel Sanz Glitch","isPartOf":{"@id":"https:\/\/www.gabrielsanz.es\/web\/#website"},"primaryImageOfPage":{"@id":"https:\/\/www.gabrielsanz.es\/web\/36-days-of-type-2020\/#primaryimage"},"image":{"@id":"https:\/\/www.gabrielsanz.es\/web\/36-days-of-type-2020\/#primaryimage"},"thumbnailUrl":"https:\/\/www.gabrielsanz.es\/web\/wp-content\/uploads\/2020\/04\/miniatura.jpg","datePublished":"2020-04-17T21:49:44+00:00","dateModified":"2020-04-17T22:01:27+00:00","description":"Este a\u00f1o 2020. decid\u00ed unirme por primera vez al reto \"36 days of type\" Un proyecto anual y global que ya cumple su s\u00e9ptima edici\u00f3n","breadcrumb":{"@id":"https:\/\/www.gabrielsanz.es\/web\/36-days-of-type-2020\/#breadcrumb"},"inLanguage":"es","potentialAction":[{"@type":"ReadAction","target":["https:\/\/www.gabrielsanz.es\/web\/36-days-of-type-2020\/"]}]},{"@type":"ImageObject","inLanguage":"es","@id":"https:\/\/www.gabrielsanz.es\/web\/36-days-of-type-2020\/#primaryimage","url":"https:\/\/www.gabrielsanz.es\/web\/wp-content\/uploads\/2020\/04\/miniatura.jpg","contentUrl":"https:\/\/www.gabrielsanz.es\/web\/wp-content\/uploads\/2020\/04\/miniatura.jpg","width":1280,"height":720,"caption":"36 days of type edicion 2020"},{"@type":"BreadcrumbList","@id":"https:\/\/www.gabrielsanz.es\/web\/36-days-of-type-2020\/#breadcrumb","itemListElement":[{"@type":"ListItem","position":1,"name":"Portada","item":"https:\/\/www.gabrielsanz.es\/web\/"},{"@type":"ListItem","position":2,"name":"36 days of type 2020"}]},{"@type":"WebSite","@id":"https:\/\/www.gabrielsanz.es\/web\/#website","url":"https:\/\/www.gabrielsanz.es\/web\/","name":"Gabriel Sanz Glitch","description":"Artes visuales. Fotograf\u00eda, ilustraci\u00f3n, dise\u00f1o","publisher":{"@id":"https:\/\/www.gabrielsanz.es\/web\/#\/schema\/person\/0a3b27f1958980a66f7d2afb3183dca2"},"potentialAction":[{"@type":"SearchAction","target":{"@type":"EntryPoint","urlTemplate":"https:\/\/www.gabrielsanz.es\/web\/?s={search_term_string}"},"query-input":{"@type":"PropertyValueSpecification","valueRequired":true,"valueName":"search_term_string"}}],"inLanguage":"es"},{"@type":["Person","Organization"],"@id":"https:\/\/www.gabrielsanz.es\/web\/#\/schema\/person\/0a3b27f1958980a66f7d2afb3183dca2","name":"Gabriel Sanz Glitch","image":{"@type":"ImageObject","inLanguage":"es","@id":"https:\/\/www.gabrielsanz.es\/web\/wp-content\/uploads\/2018\/03\/Avatar-2x6.jpg","url":"https:\/\/www.gabrielsanz.es\/web\/wp-content\/uploads\/2018\/03\/Avatar-2x6.jpg","contentUrl":"https:\/\/www.gabrielsanz.es\/web\/wp-content\/uploads\/2018\/03\/Avatar-2x6.jpg","width":960,"height":640,"caption":"Gabriel Sanz Glitch"},"logo":{"@id":"https:\/\/www.gabrielsanz.es\/web\/wp-content\/uploads\/2018\/03\/Avatar-2x6.jpg"},"description":"Artista visual, Madrid Espa\u00f1a Fotograf\u00eda, ilustraci\u00f3n, dise\u00f1o.","sameAs":["https:\/\/www.gabrielsanz.es\/web\/Author","https:\/\/www.facebook.com\/gabrielsanz.glitch","https:\/\/www.instagram.com\/gabrielsanz.glitch\/","https:\/\/www.linkedin.com\/in\/gabriel-sanz-glitch","https:\/\/www.pinterest.com\/gabrielsanz","https:\/\/x.com\/GabrielSanz_Art","https:\/\/youtube.com\/c\/gabrielsanzglitch","https:\/\/soundcloud.com\/gabriel-sanz-66698558"]},{"@type":"Person","@id":"https:\/\/www.gabrielsanz.es\/web\/#\/schema\/person\/839d54b4c1e0c6b513695e02f635681d","name":"Gabriel sanz","image":{"@type":"ImageObject","inLanguage":"es","@id":"https:\/\/secure.gravatar.com\/avatar\/63a7b2ded6b99e71106cb8fb7d007eb54d7772ae1bd9d076127bb256d767377c?s=96&d=identicon&r=g","url":"https:\/\/secure.gravatar.com\/avatar\/63a7b2ded6b99e71106cb8fb7d007eb54d7772ae1bd9d076127bb256d767377c?s=96&d=identicon&r=g","contentUrl":"https:\/\/secure.gravatar.com\/avatar\/63a7b2ded6b99e71106cb8fb7d007eb54d7772ae1bd9d076127bb256d767377c?s=96&d=identicon&r=g","caption":"Gabriel sanz"},"sameAs":["http:\/\/www.gabrielsanz.es\/web\/Author"]}]}},"_links":{"self":[{"href":"https:\/\/www.gabrielsanz.es\/web\/wp-json\/wp\/v2\/posts\/4343","targetHints":{"allow":["GET"]}}],"collection":[{"href":"https:\/\/www.gabrielsanz.es\/web\/wp-json\/wp\/v2\/posts"}],"about":[{"href":"https:\/\/www.gabrielsanz.es\/web\/wp-json\/wp\/v2\/types\/post"}],"author":[{"embeddable":true,"href":"https:\/\/www.gabrielsanz.es\/web\/wp-json\/wp\/v2\/users\/2"}],"replies":[{"embeddable":true,"href":"https:\/\/www.gabrielsanz.es\/web\/wp-json\/wp\/v2\/comments?post=4343"}],"version-history":[{"count":3,"href":"https:\/\/www.gabrielsanz.es\/web\/wp-json\/wp\/v2\/posts\/4343\/revisions"}],"predecessor-version":[{"id":4350,"href":"https:\/\/www.gabrielsanz.es\/web\/wp-json\/wp\/v2\/posts\/4343\/revisions\/4350"}],"wp:featuredmedia":[{"embeddable":true,"href":"https:\/\/www.gabrielsanz.es\/web\/wp-json\/wp\/v2\/media\/4344"}],"wp:attachment":[{"href":"https:\/\/www.gabrielsanz.es\/web\/wp-json\/wp\/v2\/media?parent=4343"}],"wp:term":[{"taxonomy":"category","embeddable":true,"href":"https:\/\/www.gabrielsanz.es\/web\/wp-json\/wp\/v2\/categories?post=4343"},{"taxonomy":"post_tag","embeddable":true,"href":"https:\/\/www.gabrielsanz.es\/web\/wp-json\/wp\/v2\/tags?post=4343"}],"curies":[{"name":"wp","href":"https:\/\/api.w.org\/{rel}","templated":true}]}}